{"id":13374,"date":"2025-11-05T20:00:08","date_gmt":"2025-11-05T19:00:08","guid":{"rendered":"https:\/\/osp.wezewo.info\/?p=13374"},"modified":"2025-11-06T19:54:41","modified_gmt":"2025-11-06T18:54:41","slug":"drugi-kongres-mazowieckich-mediow-lokalnych-w-warszawie-bylismy-tam","status":"publish","type":"post","link":"https:\/\/osp.wezewo.info\/?p=13374","title":{"rendered":"Drugi Kongres Mazowieckich Medi\u00f3w Lokalnych w Warszawie &#8211; byli\u015bmy tam !!!"},"content":{"rendered":"\n<p>Szanowni Pa\u0144stwo !!!<\/p>\n\n\n\n<p>Z wielka rado\u015bci\u0105 pragniemy poinformowa\u0107 Pa\u0144stwa i\u017c strona internetowa Ochotniczej Stra\u017cy Po\u017carnej z W\u0119\u017cewa <a href=\"https:\/\/osp.wezewo.info\/?fbclid=IwZXh0bgNhZW0CMTAAAR4rIQesJpM8Gin9nCbRQsagkqFpymFtgT4_vtAERg3VnQqoTCERVaFB5_1HIQ_aem_9VcXgJo6FnbEmghyfDRJPg\" target=\"_blank\" rel=\"noreferrer noopener\">https:\/\/osp.wezewo.info\/<\/a> zosta\u0142a dostrze\u017cona przez organizator\u00f3w Drugiego Kongresu Mazowieckich Medi\u00f3w Lokalnych. <\/p>\n\n\n\n<figure class=\"wp-block-gallery has-nested-images columns-default is-cropped wp-block-gallery-1 is-layout-flex wp-block-gallery-is-layout-flex\">\n<figure class=\"wp-block-image size-large\"><a href=\"https:\/\/osp.wezewo.info\/wp-content\/uploads\/2025\/11\/IMG202510291142221-scaled.jpg\"><img loading=\"lazy\" decoding=\"async\" width=\"1024\" height=\"771\" data-id=\"13378\" src=\"https:\/\/osp.wezewo.info\/wp-content\/uploads\/2025\/11\/IMG202510291142221-1024x771.jpg\" alt=\"\" class=\"wp-image-13378\" srcset=\"https:\/\/osp.wezewo.info\/wp-content\/uploads\/2025\/11\/IMG202510291142221-1024x771.jpg 1024w, https:\/\/osp.wezewo.info\/wp-content\/uploads\/2025\/11\/IMG202510291142221-300x226.jpg 300w, https:\/\/osp.wezewo.info\/wp-content\/uploads\/2025\/11\/IMG202510291142221-768x578.jpg 768w, https:\/\/osp.wezewo.info\/wp-content\/uploads\/2025\/11\/IMG202510291142221-1536x1157.jpg 1536w, https:\/\/osp.wezewo.info\/wp-content\/uploads\/2025\/11\/IMG202510291142221-2048x1542.jpg 2048w\" sizes=\"auto, (max-width: 1024px) 100vw, 1024px\" \/><\/a><\/figure>\n\n\n\n<figure class=\"wp-block-image size-large\"><a href=\"https:\/\/osp.wezewo.info\/wp-content\/uploads\/2025\/11\/IMG20251029094653-scaled.jpg\"><img loading=\"lazy\" decoding=\"async\" width=\"771\" height=\"1024\" data-id=\"13377\" src=\"https:\/\/osp.wezewo.info\/wp-content\/uploads\/2025\/11\/IMG20251029094653-771x1024.jpg\" alt=\"\" class=\"wp-image-13377\" srcset=\"https:\/\/osp.wezewo.info\/wp-content\/uploads\/2025\/11\/IMG20251029094653-771x1024.jpg 771w, https:\/\/osp.wezewo.info\/wp-content\/uploads\/2025\/11\/IMG20251029094653-226x300.jpg 226w, https:\/\/osp.wezewo.info\/wp-content\/uploads\/2025\/11\/IMG20251029094653-768x1020.jpg 768w, https:\/\/osp.wezewo.info\/wp-content\/uploads\/2025\/11\/IMG20251029094653-1157x1536.jpg 1157w, https:\/\/osp.wezewo.info\/wp-content\/uploads\/2025\/11\/IMG20251029094653-1542x2048.jpg 1542w, https:\/\/osp.wezewo.info\/wp-content\/uploads\/2025\/11\/IMG20251029094653-scaled.jpg 1928w\" sizes=\"auto, (max-width: 771px) 100vw, 771px\" \/><\/a><\/figure>\n\n\n\n<figure class=\"wp-block-image size-large\"><a href=\"https:\/\/osp.wezewo.info\/wp-content\/uploads\/2025\/11\/IMG20251029151538-scaled.jpg\"><img loading=\"lazy\" decoding=\"async\" width=\"771\" height=\"1024\" data-id=\"13379\" src=\"https:\/\/osp.wezewo.info\/wp-content\/uploads\/2025\/11\/IMG20251029151538-771x1024.jpg\" alt=\"\" class=\"wp-image-13379\" srcset=\"https:\/\/osp.wezewo.info\/wp-content\/uploads\/2025\/11\/IMG20251029151538-771x1024.jpg 771w, https:\/\/osp.wezewo.info\/wp-content\/uploads\/2025\/11\/IMG20251029151538-226x300.jpg 226w, https:\/\/osp.wezewo.info\/wp-content\/uploads\/2025\/11\/IMG20251029151538-768x1020.jpg 768w, https:\/\/osp.wezewo.info\/wp-content\/uploads\/2025\/11\/IMG20251029151538-1157x1536.jpg 1157w, https:\/\/osp.wezewo.info\/wp-content\/uploads\/2025\/11\/IMG20251029151538-1542x2048.jpg 1542w, https:\/\/osp.wezewo.info\/wp-content\/uploads\/2025\/11\/IMG20251029151538-scaled.jpg 1928w\" sizes=\"auto, (max-width: 771px) 100vw, 771px\" \/><\/a><\/figure>\n<\/figure>\n\n\n\n<p>26 wrze\u015bnia 2025 roku na r\u0119ce Prezesa OSP w W\u0119\u017cewie jednocze\u015bnie kierownika strony Krzysztofa Wyszkowskiego przysz\u0142o zaproszenie by wzi\u0105\u0107 udzia\u0142 w tym niezwyk\u0142ym wydarzeniu medialnym. Kongres odby\u0142 si\u0119 29 pa\u017adziernika 2025 roku w Pa\u0144stwowym Muzeum Etnograficznym w Warszawie, ul. Kredytowej 1.<\/p>\n\n\n\n<p>O to niekt\u00f3re tematy poruszane na poszczeg\u00f3lnych panelach.<\/p>\n\n\n\n<p> 1 Co si\u0119 klika i dlaczego, czyli o dziennikarstwie internetowym .<\/p>\n\n\n\n<p>2 AI, fake newsy vs rzetelne dziennikarstwo<\/p>\n\n\n\n<p>3 Jak zarabia\u0107 na mediach ? Monetyzacja medi\u00f3w lokalnych<\/p>\n\n\n\n<p>4 Co si\u0119 pisze \u2013 Rozmowa z Mariuszem Szczyg\u0142em<\/p>\n\n\n\n<figure class=\"wp-block-gallery has-nested-images columns-default is-cropped wp-block-gallery-2 is-layout-flex wp-block-gallery-is-layout-flex\">\n<figure class=\"wp-block-image size-large\"><a href=\"https:\/\/osp.wezewo.info\/wp-content\/uploads\/2025\/11\/IMG20251029170234-scaled.jpg\"><img loading=\"lazy\" decoding=\"async\" width=\"771\" height=\"1024\" data-id=\"13380\" src=\"https:\/\/osp.wezewo.info\/wp-content\/uploads\/2025\/11\/IMG20251029170234-771x1024.jpg\" alt=\"\" class=\"wp-image-13380\" srcset=\"https:\/\/osp.wezewo.info\/wp-content\/uploads\/2025\/11\/IMG20251029170234-771x1024.jpg 771w, https:\/\/osp.wezewo.info\/wp-content\/uploads\/2025\/11\/IMG20251029170234-226x300.jpg 226w, https:\/\/osp.wezewo.info\/wp-content\/uploads\/2025\/11\/IMG20251029170234-768x1020.jpg 768w, https:\/\/osp.wezewo.info\/wp-content\/uploads\/2025\/11\/IMG20251029170234-1157x1536.jpg 1157w, https:\/\/osp.wezewo.info\/wp-content\/uploads\/2025\/11\/IMG20251029170234-1542x2048.jpg 1542w, https:\/\/osp.wezewo.info\/wp-content\/uploads\/2025\/11\/IMG20251029170234-scaled.jpg 1928w\" sizes=\"auto, (max-width: 771px) 100vw, 771px\" \/><\/a><\/figure>\n\n\n\n<figure class=\"wp-block-image size-large\"><a href=\"https:\/\/osp.wezewo.info\/wp-content\/uploads\/2025\/11\/BAScpLSA.jpg\"><img loading=\"lazy\" decoding=\"async\" width=\"1024\" height=\"768\" data-id=\"13381\" src=\"https:\/\/osp.wezewo.info\/wp-content\/uploads\/2025\/11\/BAScpLSA-1024x768.jpg\" alt=\"\" class=\"wp-image-13381\" srcset=\"https:\/\/osp.wezewo.info\/wp-content\/uploads\/2025\/11\/BAScpLSA-1024x768.jpg 1024w, https:\/\/osp.wezewo.info\/wp-content\/uploads\/2025\/11\/BAScpLSA-300x225.jpg 300w, https:\/\/osp.wezewo.info\/wp-content\/uploads\/2025\/11\/BAScpLSA-768x576.jpg 768w, https:\/\/osp.wezewo.info\/wp-content\/uploads\/2025\/11\/BAScpLSA-1536x1152.jpg 1536w, https:\/\/osp.wezewo.info\/wp-content\/uploads\/2025\/11\/BAScpLSA.jpg 2048w\" sizes=\"auto, (max-width: 1024px) 100vw, 1024px\" \/><\/a><\/figure>\n\n\n\n<figure class=\"wp-block-image size-large\"><a href=\"https:\/\/osp.wezewo.info\/wp-content\/uploads\/2025\/11\/IMG20251029173200-scaled.jpg\"><img loading=\"lazy\" decoding=\"async\" width=\"771\" height=\"1024\" data-id=\"13382\" src=\"https:\/\/osp.wezewo.info\/wp-content\/uploads\/2025\/11\/IMG20251029173200-771x1024.jpg\" alt=\"\" class=\"wp-image-13382\" srcset=\"https:\/\/osp.wezewo.info\/wp-content\/uploads\/2025\/11\/IMG20251029173200-771x1024.jpg 771w, https:\/\/osp.wezewo.info\/wp-content\/uploads\/2025\/11\/IMG20251029173200-226x300.jpg 226w, https:\/\/osp.wezewo.info\/wp-content\/uploads\/2025\/11\/IMG20251029173200-768x1020.jpg 768w, https:\/\/osp.wezewo.info\/wp-content\/uploads\/2025\/11\/IMG20251029173200-1157x1536.jpg 1157w, https:\/\/osp.wezewo.info\/wp-content\/uploads\/2025\/11\/IMG20251029173200-1542x2048.jpg 1542w, https:\/\/osp.wezewo.info\/wp-content\/uploads\/2025\/11\/IMG20251029173200-scaled.jpg 1928w\" sizes=\"auto, (max-width: 771px) 100vw, 771px\" \/><\/a><\/figure>\n<\/figure>\n\n\n\n<p>Na samym ko\u0144cu kongresu odby\u0142a si\u0119 gala wr\u0119czenia statuetek \u201eBia\u0142ego Kruka\u201d oraz wyr\u00f3\u017cnie\u0144 dla najlepszych dziennikarzy na Mazowszu, bior\u0105cych udzia\u0142 w konkursie dziennikarskim w kilku kategoriach medialnych w mijaj\u0105cym roku .<\/p>\n\n\n\n<p><em>Prosz\u0119 Pa\u0144stwa to jest zas\u0142uga i owoc pracy wszystkich by\u0142ych i obecnych os\u00f3b, kt\u00f3re pisz\u0105 artyku\u0142y na naszej stronie internetowej. Zapraszam wszystkich ch\u0119tnych do wsp\u00f3\u0142pracy i publikowania swoich artyku\u0142\u00f3w na r\u00f3\u017cne tematy na naszej stronie.I jeszcze jedno chc\u0119 podzi\u0119kowa\u0107 wszystkim reklamodawcom za wsparcie, bez waszej pomocy by\u0142o by bardzo ci\u0119\u017cko.<\/em><\/p>\n\n\n\n<p>Z powa\u017caniem Prezes OSP w W\u0119\u017cewie <\/p>\n\n\n\n<p>Krzysztof Wyszkowski<\/p>\n\n\n\n<figure class=\"wp-block-image size-large\"><a href=\"https:\/\/osp.wezewo.info\/wp-content\/uploads\/2025\/11\/IMG20251029170455-scaled.jpg\"><img loading=\"lazy\" decoding=\"async\" width=\"771\" height=\"1024\" src=\"https:\/\/osp.wezewo.info\/wp-content\/uploads\/2025\/11\/IMG20251029170455-771x1024.jpg\" alt=\"\" class=\"wp-image-13383\" srcset=\"https:\/\/osp.wezewo.info\/wp-content\/uploads\/2025\/11\/IMG20251029170455-771x1024.jpg 771w, https:\/\/osp.wezewo.info\/wp-content\/uploads\/2025\/11\/IMG20251029170455-226x300.jpg 226w, https:\/\/osp.wezewo.info\/wp-content\/uploads\/2025\/11\/IMG20251029170455-768x1020.jpg 768w, https:\/\/osp.wezewo.info\/wp-content\/uploads\/2025\/11\/IMG20251029170455-1157x1536.jpg 1157w, https:\/\/osp.wezewo.info\/wp-content\/uploads\/2025\/11\/IMG20251029170455-1542x2048.jpg 1542w, https:\/\/osp.wezewo.info\/wp-content\/uploads\/2025\/11\/IMG20251029170455-scaled.jpg 1928w\" sizes=\"auto, (max-width: 771px) 100vw, 771px\" \/><\/a><\/figure>\n\n\n\n<p><\/p>\n","protected":false},"excerpt":{"rendered":"<p>Szanowni Pa\u0144stwo !!! Z wielka rado\u015bci\u0105 pragniemy poinformowa\u0107 Pa\u0144stwa i\u017c strona internetowa Ochotniczej Stra\u017cy Po\u017carnej z W\u0119\u017cewa https:\/\/osp.wezewo.info\/ zosta\u0142a dostrze\u017cona przez organizator\u00f3w Drugiego Kongresu Mazowieckich Medi\u00f3w Lokalnych. 26 wrze\u015bnia 2025 roku na r\u0119ce Prezesa OSP w W\u0119\u017cewie jednocze\u015bnie kierownika strony Krzysztofa Wyszkowskiego przysz\u0142o zaproszenie by wzi\u0105\u0107 udzia\u0142 w tym niezwyk\u0142ym wydarzeniu medialnym. Kongres odby\u0142 si\u0119 [&hellip;]<\/p>\n","protected":false},"author":42,"featured_media":13376,"comment_status":"closed","ping_status":"closed","sticky":false,"template":"","format":"standard","meta":{"_editorskit_title_hidden":false,"_editorskit_reading_time":0,"_editorskit_is_block_options_detached":false,"_editorskit_block_options_position":"{}","footnotes":""},"categories":[12,22,1,133],"tags":[],"class_list":["post-13374","post","type-post","status-publish","format-standard","has-post-thumbnail","hentry","category-news","category-felieton","category-inne","category-polecane"],"_links":{"self":[{"href":"https:\/\/osp.wezewo.info\/index.php?rest_route=\/wp\/v2\/posts\/13374","targetHints":{"allow":["GET"]}}],"collection":[{"href":"https:\/\/osp.wezewo.info\/index.php?rest_route=\/wp\/v2\/posts"}],"about":[{"href":"https:\/\/osp.wezewo.info\/index.php?rest_route=\/wp\/v2\/types\/post"}],"author":[{"embeddable":true,"href":"https:\/\/osp.wezewo.info\/index.php?rest_route=\/wp\/v2\/users\/42"}],"replies":[{"embeddable":true,"href":"https:\/\/osp.wezewo.info\/index.php?rest_route=%2Fwp%2Fv2%2Fcomments&post=13374"}],"version-history":[{"count":3,"href":"https:\/\/osp.wezewo.info\/index.php?rest_route=\/wp\/v2\/posts\/13374\/revisions"}],"predecessor-version":[{"id":13386,"href":"https:\/\/osp.wezewo.info\/index.php?rest_route=\/wp\/v2\/posts\/13374\/revisions\/13386"}],"wp:featuredmedia":[{"embeddable":true,"href":"https:\/\/osp.wezewo.info\/index.php?rest_route=\/wp\/v2\/media\/13376"}],"wp:attachment":[{"href":"https:\/\/osp.wezewo.info\/index.php?rest_route=%2Fwp%2Fv2%2Fmedia&parent=13374"}],"wp:term":[{"taxonomy":"category","embeddable":true,"href":"https:\/\/osp.wezewo.info\/index.php?rest_route=%2Fwp%2Fv2%2Fcategories&post=13374"},{"taxonomy":"post_tag","embeddable":true,"href":"https:\/\/osp.wezewo.info\/index.php?rest_route=%2Fwp%2Fv2%2Ftags&post=13374"}],"curies":[{"name":"wp","href":"https:\/\/api.w.org\/{rel}","templated":true}]}}