{"id":13670,"date":"2026-09-03T23:17:49","date_gmt":"2026-09-03T21:17:49","guid":{"rendered":"https:\/\/osp.wezewo.info\/?p=13670"},"modified":"2026-09-03T23:17:49","modified_gmt":"2026-09-03T21:17:49","slug":"aktywna-wies-wspiera-600-lecie-wezewa","status":"publish","type":"post","link":"https:\/\/osp.wezewo.info\/?p=13670","title":{"rendered":"Aktywna Wie\u015b &#8211; wspiera 600- lecie W\u0119\u017cewa"},"content":{"rendered":"\n<p><\/p>\n\n\n\n<p>Szanowni Pa\u0144stwo!!!<\/p>\n\n\n\n<p>Z ogromn\u0105 rado\u015bci\u0105 informujemy, \u017ce OSP w W\u0119\u017cewie z\u0142o\u017cy\u0142a wniosek o dofinansowanie organizacji obchod\u00f3w 600-lecia naszej miejscowo\u015bci do programu inicjatyw lokalnych \u201eAktywna Wie\u015b\u201d, a nasze wydarzenie otrzyma\u0142o wsparcie! <\/p>\n\n\n\n<p>Dzi\u0119ki otrzymanemu dofinansowaniu podczas obchod\u00f3w 600-lecia W\u0119\u017cewa czeka na Pa\u0144stwa wiele wyj\u0105tkowych atrakcji i niespodzianek:<\/p>\n\n\n\n<ul class=\"wp-block-list\">\n<li> Publikacja o historii W\u0119\u017cewa \u2013 jej uroczysta premiera odb\u0119dzie si\u0119 podczas naszego \u015bwi\u0119ta.<\/li>\n<\/ul>\n\n\n\n<ul class=\"wp-block-list\">\n<li>Nagranie audiobooka o historii W\u0119\u017cewa \u2013 premierowa prezentacja r\u00f3wnie\u017c odb\u0119dzie si\u0119 podczas wydarzenia!<\/li>\n<\/ul>\n\n\n\n<ul class=\"wp-block-list\">\n<li> Tablice historyczne i wyj\u0105tkowa wystawa po\u015bwi\u0119cona 600-letniej historii W\u0119\u017cewa.<\/li>\n<\/ul>\n\n\n\n<ul class=\"wp-block-list\">\n<li> Baner promuj\u0105cy obchody 600-lecia naszej miejscowo\u015bci.<\/li>\n<\/ul>\n\n\n\n<ul class=\"wp-block-list\">\n<li> Regionalne smaki W\u0119\u017cewa \u2013 oczywi\u015bcie nie zabraknie tradycyjnych potraw, w tym pierog\u00f3w oraz karto-flak\u00f3w!<\/li>\n<\/ul>\n\n\n\n<p>To jednak nie wszystko! <\/p>\n\n\n\n<p>Ju\u017c 5 wrze\u015bnia wsp\u00f3lnie przeniesiemy si\u0119 w niezwyk\u0142\u0105 podr\u00f3\u017c przez 600 lat historii naszej miejscowo\u015bci! B\u0119dzie to wyj\u0105tkowy dzie\u0144 pe\u0142en historii, wspomnie\u0144, spotka\u0144 i lokalnych tradycji.<\/p>\n\n\n\n<p>Serdecznie zapraszamy wszystkich mieszka\u0144c\u00f3w oraz go\u015bci do wsp\u00f3lnego \u015bwi\u0119towania!<\/p>\n\n\n\n<p>Nie mo\u017ce Was zabrakn\u0105\u0107!<\/p>\n\n\n\n<p>Zadanie publiczne wsp\u00f3\u0142finansowane ze \u015brodk\u00f3w Ministerstwa Rolnictwa i Rozwoju Wsi w ramach programu inicjatyw lokalnych pn. \u201eAktywna Wie\u015b\u201d.<\/p>\n\n\n\n<p><\/p>\n\n\n\n<figure class=\"wp-block-gallery has-nested-images columns-default is-cropped wp-block-gallery-1 is-layout-flex wp-block-gallery-is-layout-flex\">\n<figure class=\"wp-block-image size-large\"><a href=\"https:\/\/osp.wezewo.info\/wp-content\/uploads\/2026\/09\/Zrzut-ekranu-2026-09-03-165405.png\"><img loading=\"lazy\" decoding=\"async\" width=\"698\" height=\"909\" data-id=\"13672\" src=\"https:\/\/osp.wezewo.info\/wp-content\/uploads\/2026\/09\/Zrzut-ekranu-2026-09-03-165405.png\" alt=\"\" class=\"wp-image-13672\" srcset=\"https:\/\/osp.wezewo.info\/wp-content\/uploads\/2026\/09\/Zrzut-ekranu-2026-09-03-165405.png 698w, https:\/\/osp.wezewo.info\/wp-content\/uploads\/2026\/09\/Zrzut-ekranu-2026-09-03-165405-230x300.png 230w\" sizes=\"auto, (max-width: 698px) 100vw, 698px\" \/><\/a><\/figure>\n\n\n\n<figure class=\"wp-block-image size-large\"><a href=\"https:\/\/osp.wezewo.info\/wp-content\/uploads\/2026\/09\/tablica-11.png\"><img loading=\"lazy\" decoding=\"async\" width=\"730\" height=\"1024\" data-id=\"13673\" src=\"https:\/\/osp.wezewo.info\/wp-content\/uploads\/2026\/09\/tablica-11-730x1024.png\" alt=\"\" class=\"wp-image-13673\" srcset=\"https:\/\/osp.wezewo.info\/wp-content\/uploads\/2026\/09\/tablica-11-730x1024.png 730w, https:\/\/osp.wezewo.info\/wp-content\/uploads\/2026\/09\/tablica-11-214x300.png 214w, https:\/\/osp.wezewo.info\/wp-content\/uploads\/2026\/09\/tablica-11-768x1077.png 768w, https:\/\/osp.wezewo.info\/wp-content\/uploads\/2026\/09\/tablica-11.png 1059w\" sizes=\"auto, (max-width: 730px) 100vw, 730px\" \/><\/a><\/figure>\n\n\n\n<figure class=\"wp-block-image size-large\"><a href=\"https:\/\/osp.wezewo.info\/wp-content\/uploads\/2026\/09\/DJI_0840-scaled.jpg\"><img loading=\"lazy\" decoding=\"async\" width=\"1024\" height=\"576\" data-id=\"13674\" src=\"https:\/\/osp.wezewo.info\/wp-content\/uploads\/2026\/09\/DJI_0840-1024x576.jpg\" alt=\"\" class=\"wp-image-13674\" srcset=\"https:\/\/osp.wezewo.info\/wp-content\/uploads\/2026\/09\/DJI_0840-1024x576.jpg 1024w, https:\/\/osp.wezewo.info\/wp-content\/uploads\/2026\/09\/DJI_0840-300x169.jpg 300w, https:\/\/osp.wezewo.info\/wp-content\/uploads\/2026\/09\/DJI_0840-768x432.jpg 768w, https:\/\/osp.wezewo.info\/wp-content\/uploads\/2026\/09\/DJI_0840-1536x864.jpg 1536w, https:\/\/osp.wezewo.info\/wp-content\/uploads\/2026\/09\/DJI_0840-2048x1152.jpg 2048w\" sizes=\"auto, (max-width: 1024px) 100vw, 1024px\" \/><\/a><figcaption class=\"wp-element-caption\">DCIM100MEDIADJI_0840.JPG<\/figcaption><\/figure>\n\n\n\n<figure class=\"wp-block-image size-large\"><a href=\"https:\/\/osp.wezewo.info\/wp-content\/uploads\/2026\/09\/tablica-5-maciej-waz-1-1.png\"><img loading=\"lazy\" decoding=\"async\" width=\"725\" height=\"1024\" data-id=\"13676\" src=\"https:\/\/osp.wezewo.info\/wp-content\/uploads\/2026\/09\/tablica-5-maciej-waz-1-1-725x1024.png\" alt=\"\" class=\"wp-image-13676\" srcset=\"https:\/\/osp.wezewo.info\/wp-content\/uploads\/2026\/09\/tablica-5-maciej-waz-1-1-725x1024.png 725w, https:\/\/osp.wezewo.info\/wp-content\/uploads\/2026\/09\/tablica-5-maciej-waz-1-1-212x300.png 212w, https:\/\/osp.wezewo.info\/wp-content\/uploads\/2026\/09\/tablica-5-maciej-waz-1-1-768x1085.png 768w, https:\/\/osp.wezewo.info\/wp-content\/uploads\/2026\/09\/tablica-5-maciej-waz-1-1.png 1055w\" sizes=\"auto, (max-width: 725px) 100vw, 725px\" \/><\/a><\/figure>\n\n\n\n<figure class=\"wp-block-image size-large\"><a href=\"https:\/\/osp.wezewo.info\/wp-content\/uploads\/2026\/09\/tablica-8-krzyz-aleksandra.png\"><img loading=\"lazy\" decoding=\"async\" width=\"725\" height=\"1024\" data-id=\"13677\" src=\"https:\/\/osp.wezewo.info\/wp-content\/uploads\/2026\/09\/tablica-8-krzyz-aleksandra-725x1024.png\" alt=\"\" class=\"wp-image-13677\" srcset=\"https:\/\/osp.wezewo.info\/wp-content\/uploads\/2026\/09\/tablica-8-krzyz-aleksandra-725x1024.png 725w, https:\/\/osp.wezewo.info\/wp-content\/uploads\/2026\/09\/tablica-8-krzyz-aleksandra-212x300.png 212w, https:\/\/osp.wezewo.info\/wp-content\/uploads\/2026\/09\/tablica-8-krzyz-aleksandra-768x1085.png 768w, https:\/\/osp.wezewo.info\/wp-content\/uploads\/2026\/09\/tablica-8-krzyz-aleksandra.png 1055w\" sizes=\"auto, (max-width: 725px) 100vw, 725px\" \/><\/a><\/figure>\n\n\n\n<figure class=\"wp-block-image size-large\"><a href=\"https:\/\/osp.wezewo.info\/wp-content\/uploads\/2026\/09\/Zrzut-ekranu-2026-09-02-170814.png\"><img loading=\"lazy\" decoding=\"async\" width=\"535\" height=\"381\" data-id=\"13678\" src=\"https:\/\/osp.wezewo.info\/wp-content\/uploads\/2026\/09\/Zrzut-ekranu-2026-09-02-170814.png\" alt=\"\" class=\"wp-image-13678\" srcset=\"https:\/\/osp.wezewo.info\/wp-content\/uploads\/2026\/09\/Zrzut-ekranu-2026-09-02-170814.png 535w, https:\/\/osp.wezewo.info\/wp-content\/uploads\/2026\/09\/Zrzut-ekranu-2026-09-02-170814-300x214.png 300w\" sizes=\"auto, (max-width: 535px) 100vw, 535px\" \/><\/a><\/figure>\n\n\n\n<figure class=\"wp-block-image size-large\"><a href=\"https:\/\/osp.wezewo.info\/wp-content\/uploads\/2026\/09\/Messenger_creation_CB057ED0-EC93-4EC1-AEE0-B4ECF79DDC40.jpeg\"><img loading=\"lazy\" decoding=\"async\" width=\"768\" height=\"1024\" data-id=\"13679\" src=\"https:\/\/osp.wezewo.info\/wp-content\/uploads\/2026\/09\/Messenger_creation_CB057ED0-EC93-4EC1-AEE0-B4ECF79DDC40-768x1024.jpeg\" alt=\"\" class=\"wp-image-13679\" srcset=\"https:\/\/osp.wezewo.info\/wp-content\/uploads\/2026\/09\/Messenger_creation_CB057ED0-EC93-4EC1-AEE0-B4ECF79DDC40-768x1024.jpeg 768w, https:\/\/osp.wezewo.info\/wp-content\/uploads\/2026\/09\/Messenger_creation_CB057ED0-EC93-4EC1-AEE0-B4ECF79DDC40-225x300.jpeg 225w, https:\/\/osp.wezewo.info\/wp-content\/uploads\/2026\/09\/Messenger_creation_CB057ED0-EC93-4EC1-AEE0-B4ECF79DDC40-1152x1536.jpeg 1152w, https:\/\/osp.wezewo.info\/wp-content\/uploads\/2026\/09\/Messenger_creation_CB057ED0-EC93-4EC1-AEE0-B4ECF79DDC40.jpeg 1536w\" sizes=\"auto, (max-width: 768px) 100vw, 768px\" \/><\/a><\/figure>\n\n\n\n<figure class=\"wp-block-image size-large\"><a href=\"https:\/\/osp.wezewo.info\/wp-content\/uploads\/2026\/09\/Messenger_creation_A2F4B8AA-3568-4C44-8D20-903544FA56CC.jpeg\"><img loading=\"lazy\" decoding=\"async\" width=\"768\" height=\"1024\" data-id=\"13680\" src=\"https:\/\/osp.wezewo.info\/wp-content\/uploads\/2026\/09\/Messenger_creation_A2F4B8AA-3568-4C44-8D20-903544FA56CC-768x1024.jpeg\" alt=\"\" class=\"wp-image-13680\" srcset=\"https:\/\/osp.wezewo.info\/wp-content\/uploads\/2026\/09\/Messenger_creation_A2F4B8AA-3568-4C44-8D20-903544FA56CC-768x1024.jpeg 768w, https:\/\/osp.wezewo.info\/wp-content\/uploads\/2026\/09\/Messenger_creation_A2F4B8AA-3568-4C44-8D20-903544FA56CC-225x300.jpeg 225w, https:\/\/osp.wezewo.info\/wp-content\/uploads\/2026\/09\/Messenger_creation_A2F4B8AA-3568-4C44-8D20-903544FA56CC-1152x1536.jpeg 1152w, https:\/\/osp.wezewo.info\/wp-content\/uploads\/2026\/09\/Messenger_creation_A2F4B8AA-3568-4C44-8D20-903544FA56CC.jpeg 1536w\" sizes=\"auto, (max-width: 768px) 100vw, 768px\" \/><\/a><\/figure>\n<\/figure>\n","protected":false},"excerpt":{"rendered":"<p>Szanowni Pa\u0144stwo!!! Z ogromn\u0105 rado\u015bci\u0105 informujemy, \u017ce OSP w W\u0119\u017cewie z\u0142o\u017cy\u0142a wniosek o dofinansowanie organizacji obchod\u00f3w 600-lecia naszej miejscowo\u015bci do programu inicjatyw lokalnych \u201eAktywna Wie\u015b\u201d, a nasze wydarzenie otrzyma\u0142o wsparcie! Dzi\u0119ki otrzymanemu dofinansowaniu podczas obchod\u00f3w 600-lecia W\u0119\u017cewa czeka na Pa\u0144stwa wiele wyj\u0105tkowych atrakcji i niespodzianek: To jednak nie wszystko! Ju\u017c 5 wrze\u015bnia wsp\u00f3lnie przeniesiemy si\u0119 [&hellip;]<\/p>\n","protected":false},"author":42,"featured_media":13671,"comment_status":"closed","ping_status":"closed","sticky":false,"template":"","format":"standard","meta":{"_editorskit_title_hidden":false,"_editorskit_reading_time":0,"_editorskit_is_block_options_detached":false,"_editorskit_block_options_position":"{}","footnotes":""},"categories":[12,22,132,1,133],"tags":[],"class_list":["post-13670","post","type-post","status-publish","format-standard","has-post-thumbnail","hentry","category-news","category-felieton","category-historyczne","category-inne","category-polecane"],"_links":{"self":[{"href":"https:\/\/osp.wezewo.info\/index.php?rest_route=\/wp\/v2\/posts\/13670","targetHints":{"allow":["GET"]}}],"collection":[{"href":"https:\/\/osp.wezewo.info\/index.php?rest_route=\/wp\/v2\/posts"}],"about":[{"href":"https:\/\/osp.wezewo.info\/index.php?rest_route=\/wp\/v2\/types\/post"}],"author":[{"embeddable":true,"href":"https:\/\/osp.wezewo.info\/index.php?rest_route=\/wp\/v2\/users\/42"}],"replies":[{"embeddable":true,"href":"https:\/\/osp.wezewo.info\/index.php?rest_route=%2Fwp%2Fv2%2Fcomments&post=13670"}],"version-history":[{"count":1,"href":"https:\/\/osp.wezewo.info\/index.php?rest_route=\/wp\/v2\/posts\/13670\/revisions"}],"predecessor-version":[{"id":13681,"href":"https:\/\/osp.wezewo.info\/index.php?rest_route=\/wp\/v2\/posts\/13670\/revisions\/13681"}],"wp:featuredmedia":[{"embeddable":true,"href":"https:\/\/osp.wezewo.info\/index.php?rest_route=\/wp\/v2\/media\/13671"}],"wp:attachment":[{"href":"https:\/\/osp.wezewo.info\/index.php?rest_route=%2Fwp%2Fv2%2Fmedia&parent=13670"}],"wp:term":[{"taxonomy":"category","embeddable":true,"href":"https:\/\/osp.wezewo.info\/index.php?rest_route=%2Fwp%2Fv2%2Fcategories&post=13670"},{"taxonomy":"post_tag","embeddable":true,"href":"https:\/\/osp.wezewo.info\/index.php?rest_route=%2Fwp%2Fv2%2Ftags&post=13670"}],"curies":[{"name":"wp","href":"https:\/\/api.w.org\/{rel}","templated":true}]}}